{"id":108,"date":"2006-05-01T12:44:14","date_gmt":"2006-05-01T11:44:14","guid":{"rendered":"http:\/\/www.mgv-rulle.de\/wp\/?p=108"},"modified":"2017-12-05T12:06:57","modified_gmt":"2017-12-05T11:06:57","slug":"unsere-chronik","status":"publish","type":"post","link":"https:\/\/www.mgv-rulle.de\/wp\/?p=108","title":{"rendered":"Unsere Chronik"},"content":{"rendered":"<p><strong>Chronik<\/strong><\/p>\n<p><img loading=\"lazy\" id=\"Bild3\" src=\"http:\/\/mgv-rulle.de\/assets\/images\/gruendung2.jpg\" alt=\"\" width=\"240\" height=\"360\" align=\"LEFT\" border=\"0\" hspace=\"12\" vspace=\"0\" \/>Anl\u00e4sslich des 25j\u00e4hrigen Papstjubil\u00e4ums von Pius den IX am 21. Juni 1871 \u00e4u\u00dferte der damalige Pastor Wessel den Wunsch , in der Gemeinde Rulle einen M\u00e4nnergesangverein zu gr\u00fcnden, der doch bei Prozessionen und sonstigen kirchlichen Feierlichkeiten durch Vortragen einiger Lieder einen festlichen Rahmen geben k\u00f6nnte.<br \/>\nDer damals noch junge Lehrer Hilbrenner berief kurz darauf eine Versammlung zwecks Gr\u00fcndung eines M\u00e4nnergesangvereins. Das Vorhaben gelang und der Verein erhielt den Namen\u00a0<strong><em>MGV &#8222;C\u00e4cilia&#8220; Rulle<\/em><\/strong>. Der Gesangverein wurde damit im Jahre 1871 gegr\u00fcndet und besteht nunmehr seit 144 Jahren.<br \/>\nDer erste Dirigent Hilbrenner trat im Jahre 1906 nach 35j\u00e4hriger Dirigentent\u00e4tigkeit aus Altersgr\u00fcnden zur\u00fcck und \u00fcberlie\u00df die Leitung einem j\u00fcngeren Chorleiter. von 1914 bis 1918 ruhte aus kriegsbedingten Gr\u00fcnden das Chorgeschehen.<\/p>\n<p>&nbsp;<\/p>\n<p><strong>\u00a0 Kreuz im &#8222;Piusgarten&#8220; oberhalb des Hofes\u00a0<\/strong><strong>\u00a0Vornholt, der Ort, an dem der MGV &#8222;C\u00e4cilia&#8220;\u00a0<\/strong><strong>\u00a0 gegr\u00fcndet wurde<\/strong><\/p>\n<p>Infolge Unstimmigkeiten innerhalb des Chores kam es im Jahre 1920 zu einer Spaltung. Es wurde ein zweiter M\u00e4nnergesangverein aus der Taufe gehoben, der sich den Namen &#8222;MGV Harmonie Rulle&#8220; gab. Eine eigene Fahne der Harmonie wurde im Jahre 1927 eingeweiht. Erst im Jahre 1938 wurde auf Wunsch vieler S\u00e4nger die Verschmelzung beider Ch\u00f6re unter dem neuen Vereinsnamen &#8222;Gesangverein Rulle&#8220; beschlossen. Auf der Generalversammlung am 29.11.1952 erfolgte dann die Umbenennung\u00a0 in &#8222;MGV C\u00e4cilia Rulle&#8220;. Der Chor \u00e4u\u00dferte den Wunsch als Kirchenchor der Kirchengemeinde St. Johannes Rulle anerkannt zu werden, dem der damalige Pastor Thomes gerne nachkam. Daraufhin erfolgte der Austritt aus dem Deutschen S\u00e4ngerbund und der Eintritt in den Di\u00f6zesan-C\u00e4cilien-Verband.<br \/>\nTrotz vieler Hindernisse und Unzul\u00e4nglichkeiten \u00fcberlebte der Chor den 2. Weltkrieg, jedoch mit viel Einbu\u00dfen aktiver S\u00e4nger.<br \/>\nIm Jahre 1953 \u00fcbernahm Johannes Wiehemeyer die Leitung des Chores und erlebte mit ihm eine wahre Bl\u00fctezeit. Seinem Einsatz und Organisationstalent war es zu verdanken, dass sich der MGV &#8222;C\u00e4cilia&#8220; Rulle immer weiter entwickelte und auch au\u00dferhalb der Ortsgemeinde einen guten Ruf erhielt. Herr Wiehemeyer gab im Jahre 1980 &#8211; nach 27 Jahren &#8211; den Dirigentenstab ab.<br \/>\nIm Jahre 1981 wurde dem MGV &#8222;C\u00e4cilia&#8220; Rulle anl\u00e4sslich seines 110j\u00e4hrigen Bestehens die\u00a0<strong><em>Palestrina-Medaille<\/em><\/strong>als Dank und Anerkennung vom Allgemeinen C\u00e4cilienverband verliehen. Ferner wurde unser Chor im Jahre 1982 f\u00fcr die langj\u00e4hrigen Verdienste um die Pflege der Chormusik und des deutschen Volksliedes mit der\u00a0<strong><em>Zelter- Plakette<\/em><\/strong>\u00a0durch den damaligen Bundespr\u00e4sidenten Karl Carstens ausgezeichnet.<br \/>\nJosef Notthoff \u00fcbernahm im Jahre 1988 die Leitung des Chores. Aufgrund seines fachlichen K\u00f6nnens und seiner freundschaftlichen Art verstand er es immer wieder, die S\u00e4nger zu besonderem Einsatz anzuspornen und auch f\u00fcr die &#8222;Musica sacra&#8220; zu begeistern. Als er aus pers\u00f6nlichen Gr\u00fcnden im Jahre 2002 den Dirigentenstab abgab, wurde ihm die Ehrenchorleiterw\u00fcrde \u00fcbertragen.<br \/>\nVon August 2002 bis M\u00e4rz 2015 leitete Ulrich Schwenzfeier den Chor, ein \u00e4u\u00dferst musikalischer, dynamischer\u00a0aber auch einf\u00fchlsamer Chorleiter. Sein Engagement endete am 31.03.2015. \u00a0Im Jahr 2006 feierte der Chor mit einem festlichen Gottesdienst in der Ruller Kirche unter Mitwirkung von Solisten sein 135j\u00e4hriges Bestehen, das mit einem Kommers in der Vereinsgastst\u00e4tte &#8222;Zum alten Kloster&#8220;, Nieporte.\u00a0 einen gelungenen Abschluss fand. Mit einem geistlichen (03. April 2011), einem weihnachtlichen Konzert (18. Dezember 2011) und weiteren Veranstaltungen (siehe Archiv) feierten wir 2011 das 140.j\u00e4hrige Bestehen, ein \u00e4u\u00dferst erfolgreiches Jahr des Chores. Auch die Folgejahre \u00a02012, 2013 und 2014 erh\u00f6hten mit Auftritten im Dom, in der Pauluskirche und bei Konzerten das Ansehen und Niveau des Chores. Besonders erw\u00e4hnenswert ist das Konzert &#8222;Rosen aus dem S\u00fcden&#8220; im ausverkauften Saal Lingemann am 05.05.2013. Ab 01.08.2015 leitet Jan Kampmeier den Chor. Das 145j\u00e4hrige Bestehen feierte der Chor mit einem Festkonzert am, 23. Oktober 2016 in der Ruller Kirche unter dem Motto &#8222;Gesang\u00a0 versch\u00f6nt das Leben&#8220;. Unterst\u00fctzt wurde der Chor dabei von den Rhythmics &amp; Band aus Icker.<\/p>\n<p><a href=\"http:\/\/mgv-rulle.de\/html\/palestrina-medaille.html\" target=\"_blank\" rel=\"noopener noreferrer\"><img loading=\"lazy\" id=\"Bild1\" src=\"http:\/\/mgv-rulle.de\/assets\/images\/palestrina-medaille_klein.jpg\" alt=\"\" width=\"200\" height=\"264\" border=\"0\" \/><\/a><a href=\"http:\/\/mgv-rulle.de\/html\/zelter-plakette.html\" target=\"_blank\" rel=\"noopener noreferrer\"><img loading=\"lazy\" id=\"Bild2\" src=\"http:\/\/mgv-rulle.de\/assets\/images\/zelter-plakette_klein.jpg\" alt=\"\" width=\"200\" height=\"289\" border=\"0\" \/><\/a><a href=\"http:\/\/mgv-rulle.de\/html\/palestrina_medaille.html\" target=\"_blank\" rel=\"noopener noreferrer\"><img loading=\"lazy\" id=\"Bild4\" src=\"http:\/\/mgv-rulle.de\/assets\/images\/palestrinaplakette2.jpg\" alt=\"\" width=\"186\" height=\"192\" border=\"0\" \/><\/a><a href=\"http:\/\/mgv-rulle.de\/html\/zelter_plakette.html\" target=\"_blank\" rel=\"noopener noreferrer\"><img loading=\"lazy\" id=\"Bild5\" src=\"http:\/\/mgv-rulle.de\/assets\/images\/zelterplakette2.jpg\" alt=\"\" width=\"196\" height=\"256\" border=\"0\" \/><\/a><\/p>\n<p><strong><span style=\"font-size: small;\">\u00a0 \u00a0\u00a0\u00a0\u00a0\u00a0\u00a0\u00a0\u00a0\u00a0\u00a0\u00a0\u00a0 \u00a0\u00a0\u00a0\u00a0\u00a0\u00a0\u00a0\u00a0\u00a0\u00a0\u00a0Palestrina-Medaille<\/span><\/strong><\/p>\n<p><span style=\"font-size: small;\">Urkunden und Plakette\/Medaille h\u00e4ngen in einer Vitrine im<\/span><\/p>\n<p><span style=\"font-size: small;\">Eingang von der Hofseite zur Gastst\u00e4tte &#8222;Zum alten Kloster&#8220;, Nieporte.<\/span><\/p>\n<p><span style=\"font-size: small;\"><strong>Zelter-Plakette<\/strong><\/span><\/p>\n<p><a href=\"http:\/\/mgv-rulle.de\/html\/gedenkstein.html\" target=\"_blank\" rel=\"noopener noreferrer\"><img loading=\"lazy\" id=\"Bild6\" src=\"http:\/\/mgv-rulle.de\/assets\/images\/gedenkstein2.jpg\" alt=\"\" width=\"170\" height=\"240\" border=\"0\" \/><\/a><\/p>\n<p><strong><span style=\"font-size: small;\">\u00a0 \u00a0\u00a0\u00a0\u00a0\u00a0<\/span><\/strong><\/p>\n<p><strong><span style=\"font-size: small;\">\u00a0\u00a0 Gedenkstein anl\u00e4sslich des 60-j\u00e4hrigen<\/span><\/strong><\/p>\n<p><strong><span style=\"font-size: small;\">\u00a0\u00a0\u00a0 Bestehens des MGV &#8222;C\u00e4cilia&#8220; Rulle<\/span><\/strong><\/p>\n<p><span style=\"font-size: small;\">Die untere Tafel erinnert an die Vereinigung der Vereine &#8222;C\u00e4cilia-Harmonie&#8220; zum\u00a0<strong>MGV Rulle<\/strong>\u00a0im Juli 1938.<\/span><\/p>\n<p><span style=\"font-size: small;\">Der Stein wurde 1931 im Garten der ehemaligen Gastwirtschaft Spannhorst aufgestellt, nach Abbruch des Geb\u00e4udes auf das Kirchengrundst\u00fcck (\u00f6stlich des Chorteils der Ruller Kirche) umgesetzt.<\/span><\/p>\n","protected":false},"excerpt":{"rendered":"<p>Chronik Anl\u00e4sslich des 25j\u00e4hrigen Papstjubil\u00e4ums von Pius den IX am 21. Juni 1871 \u00e4u\u00dferte der damalige Pastor Wessel den Wunsch , in der Gemeinde Rulle einen M\u00e4nnergesangverein zu gr\u00fcnden, der doch bei Prozessionen und sonstigen kirchlichen Feierlichkeiten durch Vortragen einiger Lieder einen festlichen Rahmen geben k\u00f6nnte. Der damals noch junge Lehrer Hilbrenner berief kurz darauf [&hellip;]<\/p>\n","protected":false},"author":2,"featured_media":0,"comment_status":"open","ping_status":"open","sticky":false,"template":"","format":"standard","meta":[],"categories":[7],"tags":[],"_links":{"self":[{"href":"https:\/\/www.mgv-rulle.de\/wp\/index.php?rest_route=\/wp\/v2\/posts\/108"}],"collection":[{"href":"https:\/\/www.mgv-rulle.de\/wp\/index.php?rest_route=\/wp\/v2\/posts"}],"about":[{"href":"https:\/\/www.mgv-rulle.de\/wp\/index.php?rest_route=\/wp\/v2\/types\/post"}],"author":[{"embeddable":true,"href":"https:\/\/www.mgv-rulle.de\/wp\/index.php?rest_route=\/wp\/v2\/users\/2"}],"replies":[{"embeddable":true,"href":"https:\/\/www.mgv-rulle.de\/wp\/index.php?rest_route=%2Fwp%2Fv2%2Fcomments&post=108"}],"version-history":[{"count":12,"href":"https:\/\/www.mgv-rulle.de\/wp\/index.php?rest_route=\/wp\/v2\/posts\/108\/revisions"}],"predecessor-version":[{"id":1310,"href":"https:\/\/www.mgv-rulle.de\/wp\/index.php?rest_route=\/wp\/v2\/posts\/108\/revisions\/1310"}],"wp:attachment":[{"href":"https:\/\/www.mgv-rulle.de\/wp\/index.php?rest_route=%2Fwp%2Fv2%2Fmedia&parent=108"}],"wp:term":[{"taxonomy":"category","embeddable":true,"href":"https:\/\/www.mgv-rulle.de\/wp\/index.php?rest_route=%2Fwp%2Fv2%2Fcategories&post=108"},{"taxonomy":"post_tag","embeddable":true,"href":"https:\/\/www.mgv-rulle.de\/wp\/index.php?rest_route=%2Fwp%2Fv2%2Ftags&post=108"}],"curies":[{"name":"wp","href":"https:\/\/api.w.org\/{rel}","templated":true}]}}