{"id":2003,"date":"2023-12-06T17:43:33","date_gmt":"2023-12-06T16:43:33","guid":{"rendered":"http:\/\/www.mgv-rulle.de\/wp\/?p=2003"},"modified":"2023-12-06T17:43:33","modified_gmt":"2023-12-06T16:43:33","slug":"stiftungsfest-mgv-caecilia-rulle-1871-2023","status":"publish","type":"post","link":"https:\/\/www.mgv-rulle.de\/wp\/?p=2003","title":{"rendered":"Stiftungsfest MGV &#8222;C\u00e4cilia&#8220; Rulle 1871-2023"},"content":{"rendered":"<p><span style=\"font-size: medium;\">Unser diesj\u00e4hriges Stiftungsfest fand am 19. November ab 11.30 Uhr im Vereinslokal \u201eZum Alten Kloster\u201c, Nieporte statt. Der 1. Vorsitzende OttoTepe begr\u00fc\u00dfte alle Anwesenden recht herzlich. Ganz besonders freute er sich, dass wir unser 152. Stiftungsfest gemeinsam mit unserem Pr\u00e4ses Pfarrer Bernhard Horstmann sowie die anwesenden Ehrenmitglieder Benno Rahe und Heinz Witte feiern konnten.<\/span><\/p>\n<p><span style=\"font-size: medium;\">Ganz herzlich bedankte sich Otto Tepe bei den S\u00e4nger f\u00fcr die gute Mitarbeit bei den Chorproben und f\u00fcr das gute Miteinander im Vorstand und den Aussch\u00fcssen.<\/span><\/p>\n<p><span style=\"font-size: medium;\">Die aktiven S\u00e4nger sind immer mit Freude und Motivation bei den Chorproben dabei. Die Gem\u00fctlichkeit und der Austausch kommt auch nicht zu kurz, deshalb bat er alle aktiven S\u00e4nger auch weiterhin dabei zu bleiben.<\/span><\/p>\n<p><span style=\"font-size: medium;\">F\u00fcr unseren erkrankten Chorleiter Jan Kampmeier ist Martin Tigges kurzfristig eingesprungen. Wir sind froh und dankbar, dass er uns bei den einge\u00fcbten Liedern und beim Dankgottesdienst, am Klavier unterst\u00fctzt und begleitet hat. Ein ganz herzliches \u201eDankesch\u00f6n\u201c f\u00fcr sein Engagement.<\/span><\/p>\n<p><span style=\"font-size: medium;\">Der Dankgottesdienst wurde mit einem gemeinsamen Lied und der Begr\u00fc\u00dfung von Pr\u00e4ses Pfarrer Bernhard Horstmann begonnen. <\/span><\/p>\n<p><span style=\"font-size: medium;\">In seiner anschlie\u00dfenden Ansprache erkl\u00e4rte uns Pfarrer Horstmann, wie wir das Evangelium in unserer heutigen Zeit zu verstehen haben. <\/span><\/p>\n<p><span style=\"font-size: medium;\">Wenn man das, was einem von Gott gegeben wurde entsprechend nutzt und etwas daraus macht, dann brauchen wir keine Angst haben. Wir sollen mutig sein und wir m\u00fcssen teilen wenn wir unser Umfeld und die Welt ver\u00e4ndern wollen.<\/span><\/p>\n<p><span style=\"font-size: medium;\">Demnach sei es sehr wichtig, dass wir Gemeinschaft leben und f\u00fcr den N\u00e4chsten und uns selbst verantwortlich sind. <\/span><\/p>\n<p><span style=\"font-size: medium;\">Im Dankgottesdienst wurden viele Kirchenlieder gemeinsam gesungen aber auch Lieder durch unseren Chor vorgetragen.<img loading=\"lazy\" class=\"alignnone size-large wp-image-2006\" src=\"http:\/\/www.mgv-rulle.de\/wp\/wp-content\/uploads\/2023\/12\/IMG_6651-600x400.jpg\" alt=\"\" width=\"600\" height=\"400\" srcset=\"https:\/\/www.mgv-rulle.de\/wp\/wp-content\/uploads\/2023\/12\/IMG_6651-600x400.jpg 600w, https:\/\/www.mgv-rulle.de\/wp\/wp-content\/uploads\/2023\/12\/IMG_6651-300x200.jpg 300w, https:\/\/www.mgv-rulle.de\/wp\/wp-content\/uploads\/2023\/12\/IMG_6651-768x512.jpg 768w, https:\/\/www.mgv-rulle.de\/wp\/wp-content\/uploads\/2023\/12\/IMG_6651-1536x1025.jpg 1536w, https:\/\/www.mgv-rulle.de\/wp\/wp-content\/uploads\/2023\/12\/IMG_6651-2048x1367.jpg 2048w\" sizes=\"(max-width: 600px) 100vw, 600px\" \/> <\/span><\/p>\n<p><span style=\"font-size: medium;\">In den F\u00fcrbitten gedachten wir insbesondere unserem verstorbenen aktiven S\u00e4nger Josef Strunk und den in diesem Jahr verstorbenen Mitgliedern Regina Heimann und Heinrich Vocke sowie allen Lebenden und Verstorbenen unseres Vereins. <\/span><\/p>\n<p><span style=\"font-size: medium;\">Damit auch zuk\u00fcnftige Generationen auf der Erde leben k\u00f6nnen, baten wir auf die Sch\u00f6pfung zu achten und sie zu schonen. Am Volkstrauertag beteten wir auch f\u00fcr Frieden und Vers\u00f6hnung in der ganzen Welt. <\/span><\/p>\n<p><span style=\"font-size: medium;\">Schlusslied war das gemeinsame Lied \u201eGro\u00dfer Gott wir loben dich\u201c. Es war ein sehr sch\u00f6ner Dankgottesdienst.<\/span><\/p>\n<p><span style=\"font-size: medium;\">Nach dem anschlie\u00dfendem gemeinsamen Essen mit vielen Tischgespr\u00e4chen fand dann die Jubilarehrung durch den 1. Vors. Otto Tepe statt.<\/span><\/p>\n<p><span style=\"font-size: medium;\">An dieser Stelle vielen herzlichen Dank an die Familie Nieporte und deren Mitarbeiter\/innen f\u00fcr das ausgezeichnete Men\u00fc und den freundlichen Service. <\/span><\/p>\n<p><span style=\"font-size: medium;\">In diesem Jahr konnten wir f\u00fcnf Jubilaren unseren Dank f\u00fcr ihre Treue zum MGV aussprechen und sie in diesem besonderen Rahmen ehren:<img loading=\"lazy\" class=\"alignnone size-large wp-image-2007\" src=\"http:\/\/www.mgv-rulle.de\/wp\/wp-content\/uploads\/2023\/12\/IMG_6682-600x415.jpg\" alt=\"\" width=\"600\" height=\"415\" srcset=\"https:\/\/www.mgv-rulle.de\/wp\/wp-content\/uploads\/2023\/12\/IMG_6682-600x415.jpg 600w, https:\/\/www.mgv-rulle.de\/wp\/wp-content\/uploads\/2023\/12\/IMG_6682-300x208.jpg 300w, https:\/\/www.mgv-rulle.de\/wp\/wp-content\/uploads\/2023\/12\/IMG_6682-768x531.jpg 768w, https:\/\/www.mgv-rulle.de\/wp\/wp-content\/uploads\/2023\/12\/IMG_6682-1536x1063.jpg 1536w, https:\/\/www.mgv-rulle.de\/wp\/wp-content\/uploads\/2023\/12\/IMG_6682-2048x1417.jpg 2048w\" sizes=\"(max-width: 600px) 100vw, 600px\" \/><\/span><\/p>\n<p><span style=\"font-size: medium;\">Alfons Wellmann (60 Jahre aktiv) F\u00f6rdernde Mitglieder: Hubert Brickwedde (70 Jahre),<\/span><\/p>\n<p><span style=\"font-size: medium;\">Hermann Garthaus (65 Jahre), Maria Avermann (40 Jahre) und Inge Hanfeld (25 Jahre).<\/span><\/p>\n<p><span style=\"font-size: medium;\">Alle Jubilare erhielten als Dank f\u00fcr ihre Treue eine Urkunde und ein Pr\u00e4sent. F\u00fcr alle anwesenden Jubilare hatte der 1. Vorsitzende ein pers\u00f6nliches Wort, ein herzliches \u201eDankesch\u00f6n\u201c und sie erhielten den Beifall aller Anwesenden.<\/span><\/p>\n<p><span style=\"font-size: medium;\">Den zu ehrenden Mitgliedern, die aus pers\u00f6nlichen Gr\u00fcnden nicht anwesend waren, werden Urkunde und Pr\u00e4sent sp\u00e4ter \u00fcberreicht.<\/span><\/p>\n<p><span style=\"font-size: medium;\">Mit guten Gespr\u00e4chen und vielen Eindr\u00fccken ging unser 152. Stiftungsfest zu Ende.<\/span><\/p>\n<p><span style=\"font-size: medium;\">Abschlie\u00dfend sind uns M\u00e4nner jeden Alters herzlich willkommen, gemeinsam mit uns, bei den \u00dcbungsstunden mittwochs von 19.00 bis 21.00 Uhr in der Gastst\u00e4tte Nieporte, zu singen.\u00a0 <\/span><span style=\"font-size: medium;\">Wir freuen uns auf Euch.<\/span><\/p>\n<p><span style=\"font-size: medium;\">Wir hoffen, dass unser Chor am 14. Januar 2024 um 10.00 Uhr im Gemeindegottesdienst in der Ruller Kirche singen kann.<\/span><\/p>\n<p><span style=\"font-size: medium;\">Hierzu laden wir Sie alle recht herzlich ein und w\u00fcrden uns freuen wenn Sie dabei w\u00e4ren.<\/span><\/p>\n<p>&nbsp;<\/p>\n<p align=\"CENTER\"><span style=\"font-size: medium;\"><b>Der MGV \u201eC\u00e4cilia\u201c Rulle w\u00fcnscht allen Mitgliedern, Freunden und G\u00f6nnern des Vereins sowie Ihnen allen <\/b><\/span><\/p>\n<p align=\"CENTER\"><span style=\"font-size: medium;\"><b>eine besinnliche Adventszeit, frohe Weihnachten <\/b><\/span><\/p>\n<p align=\"CENTER\"><span style=\"font-size: medium;\"><b>und alles Gute im Neuen Jahr.<\/b><\/span><\/p>\n<p>&nbsp;<\/p>\n","protected":false},"excerpt":{"rendered":"<p>Unser diesj\u00e4hriges Stiftungsfest fand am 19. November ab 11.30 Uhr im Vereinslokal \u201eZum Alten Kloster\u201c, Nieporte statt. Der 1. Vorsitzende OttoTepe begr\u00fc\u00dfte alle Anwesenden recht herzlich. Ganz besonders freute er sich, dass wir unser 152. Stiftungsfest gemeinsam mit unserem Pr\u00e4ses Pfarrer Bernhard Horstmann sowie die anwesenden Ehrenmitglieder Benno Rahe und Heinz Witte feiern konnten. Ganz [&hellip;]<\/p>\n","protected":false},"author":3,"featured_media":0,"comment_status":"closed","ping_status":"closed","sticky":false,"template":"","format":"standard","meta":[],"categories":[3],"tags":[],"_links":{"self":[{"href":"https:\/\/www.mgv-rulle.de\/wp\/index.php?rest_route=\/wp\/v2\/posts\/2003"}],"collection":[{"href":"https:\/\/www.mgv-rulle.de\/wp\/index.php?rest_route=\/wp\/v2\/posts"}],"about":[{"href":"https:\/\/www.mgv-rulle.de\/wp\/index.php?rest_route=\/wp\/v2\/types\/post"}],"author":[{"embeddable":true,"href":"https:\/\/www.mgv-rulle.de\/wp\/index.php?rest_route=\/wp\/v2\/users\/3"}],"replies":[{"embeddable":true,"href":"https:\/\/www.mgv-rulle.de\/wp\/index.php?rest_route=%2Fwp%2Fv2%2Fcomments&post=2003"}],"version-history":[{"count":4,"href":"https:\/\/www.mgv-rulle.de\/wp\/index.php?rest_route=\/wp\/v2\/posts\/2003\/revisions"}],"predecessor-version":[{"id":2009,"href":"https:\/\/www.mgv-rulle.de\/wp\/index.php?rest_route=\/wp\/v2\/posts\/2003\/revisions\/2009"}],"wp:attachment":[{"href":"https:\/\/www.mgv-rulle.de\/wp\/index.php?rest_route=%2Fwp%2Fv2%2Fmedia&parent=2003"}],"wp:term":[{"taxonomy":"category","embeddable":true,"href":"https:\/\/www.mgv-rulle.de\/wp\/index.php?rest_route=%2Fwp%2Fv2%2Fcategories&post=2003"},{"taxonomy":"post_tag","embeddable":true,"href":"https:\/\/www.mgv-rulle.de\/wp\/index.php?rest_route=%2Fwp%2Fv2%2Ftags&post=2003"}],"curies":[{"name":"wp","href":"https:\/\/api.w.org\/{rel}","templated":true}]}}