{"id":2016,"date":"2024-02-26T11:19:51","date_gmt":"2024-02-26T10:19:51","guid":{"rendered":"http:\/\/www.mgv-rulle.de\/wp\/?p=2016"},"modified":"2024-02-26T11:19:51","modified_gmt":"2024-02-26T10:19:51","slug":"trauer-um-alfons-besselmann","status":"publish","type":"post","link":"https:\/\/www.mgv-rulle.de\/wp\/?p=2016","title":{"rendered":"Trauer um Alfons Besselmann"},"content":{"rendered":"<p class=\"rahmeninhalt\"><span style=\"font-size: large;\"><b>Nachruf<\/b><\/span><\/p>\n<p><strong><span style=\"font-size: medium;\"><img loading=\"lazy\" class=\"wp-image-2018 alignleft\" src=\"http:\/\/www.mgv-rulle.de\/wp\/wp-content\/uploads\/2024\/02\/Besselmann-Alfons-600x727.jpg\" alt=\"\" width=\"190\" height=\"230\" srcset=\"https:\/\/www.mgv-rulle.de\/wp\/wp-content\/uploads\/2024\/02\/Besselmann-Alfons-600x727.jpg 600w, https:\/\/www.mgv-rulle.de\/wp\/wp-content\/uploads\/2024\/02\/Besselmann-Alfons-248x300.jpg 248w, https:\/\/www.mgv-rulle.de\/wp\/wp-content\/uploads\/2024\/02\/Besselmann-Alfons-768x930.jpg 768w, https:\/\/www.mgv-rulle.de\/wp\/wp-content\/uploads\/2024\/02\/Besselmann-Alfons-1268x1536.jpg 1268w, https:\/\/www.mgv-rulle.de\/wp\/wp-content\/uploads\/2024\/02\/Besselmann-Alfons-1691x2048.jpg 1691w\" sizes=\"(max-width: 190px) 100vw, 190px\" \/>Am 22. Januar verstarb unser Ehrenmitglied und Sangesbruder Alfons Besselmann. Seit fast 60 Jahren war er Mitglied unseres Chores und bis zum Jahr 2021 als aktiver S\u00e4nger im 1. Bass eine tragende Sti<\/span><span style=\"font-size: medium;\">mme. Als Vorstandsmitglied und als 1. Schriftf\u00fchrer pr\u00e4gte er in der Zeit von 1998 bis 2016 ma\u00dfgeblich seinen und unseren MGV \u201eC\u00e4cilia\u201c Rulle. Auch war er <\/span><span style=\"font-size: medium;\">bei der Renovi<\/span><span style=\"font-size: medium;\">erung und<\/span><span style=\"font-size: medium;\">den Arbeiten am Piusgarten t\u00e4tig. Seine F\u00e4higkeiten waren f\u00fcr uns ein Gewinn.<\/span><\/strong><\/p>\n<p><strong><span style=\"font-size: medium;\">Neben seiner Familie <\/span><span style=\"font-size: medium;\">hat ihm der MGV \u201eC\u00e4cilia\u201c Rulle viel bedeutet und solange es ging, war er immer wieder gerne mit Freude bei unseren Chorproben dabei. Er war immer au<\/span><span style=\"font-size: medium;\">f das Wohl der S\u00e4nger und des Vereins bedacht.<\/span><\/strong><\/p>\n<p><strong><span style=\"font-size: medium;\">Durch seine korrekte und freun<\/span><span style=\"font-size: medium;\">dliche Art war Alfons bei allen sehr beliebt. Er erwarb sich viel Sympathien nicht nur bei den S\u00e4ngern, sondern auch in seinem pers\u00f6nlichen und beruflichen Umfeld. Was bleibt, sind Dankbarkeit und viele gute Erinnerungen an einen lieben\u00a0 Menschen.\u00a0 \u00a0 \u00a0 \u00a0 \u00a0 \u00a0 \u00a0 \u00a0 \u00a0 \u00a0 \u00a0 \u00a0\u00a0<\/span><\/strong><\/p>\n<p><strong><span style=\"font-size: medium;\">Unser Mitgef\u00fchl gilt seiner lieben Frau Renate seiner Familie und Angeh\u00f6rigen.<\/span><\/strong><\/p>\n<p class=\"rahmeninhalt\">\n","protected":false},"excerpt":{"rendered":"<p>Nachruf Am 22. Januar verstarb unser Ehrenmitglied und Sangesbruder Alfons Besselmann. Seit fast 60 Jahren war er Mitglied unseres Chores und bis zum Jahr 2021 als aktiver S\u00e4nger im 1. Bass eine tragende Stimme. Als Vorstandsmitglied und als 1. Schriftf\u00fchrer pr\u00e4gte er in der Zeit von 1998 bis 2016 ma\u00dfgeblich seinen und unseren MGV \u201eC\u00e4cilia\u201c [&hellip;]<\/p>\n","protected":false},"author":3,"featured_media":0,"comment_status":"closed","ping_status":"closed","sticky":false,"template":"","format":"standard","meta":[],"categories":[3],"tags":[],"_links":{"self":[{"href":"https:\/\/www.mgv-rulle.de\/wp\/index.php?rest_route=\/wp\/v2\/posts\/2016"}],"collection":[{"href":"https:\/\/www.mgv-rulle.de\/wp\/index.php?rest_route=\/wp\/v2\/posts"}],"about":[{"href":"https:\/\/www.mgv-rulle.de\/wp\/index.php?rest_route=\/wp\/v2\/types\/post"}],"author":[{"embeddable":true,"href":"https:\/\/www.mgv-rulle.de\/wp\/index.php?rest_route=\/wp\/v2\/users\/3"}],"replies":[{"embeddable":true,"href":"https:\/\/www.mgv-rulle.de\/wp\/index.php?rest_route=%2Fwp%2Fv2%2Fcomments&post=2016"}],"version-history":[{"count":7,"href":"https:\/\/www.mgv-rulle.de\/wp\/index.php?rest_route=\/wp\/v2\/posts\/2016\/revisions"}],"predecessor-version":[{"id":2024,"href":"https:\/\/www.mgv-rulle.de\/wp\/index.php?rest_route=\/wp\/v2\/posts\/2016\/revisions\/2024"}],"wp:attachment":[{"href":"https:\/\/www.mgv-rulle.de\/wp\/index.php?rest_route=%2Fwp%2Fv2%2Fmedia&parent=2016"}],"wp:term":[{"taxonomy":"category","embeddable":true,"href":"https:\/\/www.mgv-rulle.de\/wp\/index.php?rest_route=%2Fwp%2Fv2%2Fcategories&post=2016"},{"taxonomy":"post_tag","embeddable":true,"href":"https:\/\/www.mgv-rulle.de\/wp\/index.php?rest_route=%2Fwp%2Fv2%2Ftags&post=2016"}],"curies":[{"name":"wp","href":"https:\/\/api.w.org\/{rel}","templated":true}]}}