{"id":2038,"date":"2024-04-03T16:06:14","date_gmt":"2024-04-03T15:06:14","guid":{"rendered":"http:\/\/www.mgv-rulle.de\/wp\/?p=2038"},"modified":"2024-04-03T16:07:59","modified_gmt":"2024-04-03T15:07:59","slug":"jahreshauptversammlung-8","status":"publish","type":"post","link":"https:\/\/www.mgv-rulle.de\/wp\/?p=2038","title":{"rendered":"Jahreshauptversammlung 2024"},"content":{"rendered":"<p><strong><span style=\"font-size: medium;\">Am 6. M\u00e4rz 2024 fand die Jahreshauptversammlung des MGV \u201eC\u00e4cilia\u201c Rulle in der Gastst\u00e4tte \u201eZum alten Kloster\u201c, Nieporte statt. Die anwesenden Mitglieder wurden von unserem 1. Vorsitzenden Otto Tepe herzlich begr\u00fc\u00dft. Sein besonderer Gru\u00df galt unserem Chorleiter Jan Kampmeier sowie den anwesenden Ehrenmitgliedern Benno Rahe und Heinz Witte. Unser Pr\u00e4ses Pfarrer Bernhard Horstmann wurde sp\u00e4ter, nachdem er den Mittwoch-Gottesdienst beendet hatte, von der Versammlung mit Beifall begr\u00fc\u00dft.<\/span><\/strong><\/p>\n<p><strong><span style=\"font-size: medium;\">Der Vorsitzende dankte in seinen Begr\u00fc\u00dfungsworten dem Vorstand f\u00fcr die gute Zusammenarbeit. Auch den Notenwarten, dem Lied- und Festausschuss und f\u00fcr die Pflegearbeiten im Piusgarten galt sein herzliches \u201eDanke sch\u00f6n\u201c f\u00fcr ihr Engagement und f\u00fcr die geleistete Arbeit. Ganz besonders bedankte er sich bei unserem Chorleiter Jan Kampmeier, der alle S\u00e4nger mit seiner ruhigen und lockeren Art immer wieder neu motivieren kann. Mit ihm sind wir weiterhin auf einem guten Wege und die Chorproben bereiten uns viel Freude und machen einfach Spa\u00df.<\/span><\/strong><\/p>\n<p><strong><span style=\"font-size: medium;\">Er erinnerte an alle verstorbenen Mitglieder unseres Vereins. In Stille wurde der Toten gedacht. <\/span><\/strong><\/p>\n<p><strong><span style=\"font-size: medium;\">Nach Feststellung der Beschlussf\u00e4higkeit wurde die eigentliche Tagesordnung abgearbeitet.<\/span><\/strong><\/p>\n<p><strong><span style=\"font-size: medium;\">Der 1. Schriftf\u00fchrer G\u00fcnter Rahe lie\u00df das Jahr 2023 Revue passieren und berichtete sehr detailliert \u00fcber Termine und Auftritte des vergangenen Jahres. Nach den Corona-Jahren sind wir im Jahr 2023 wieder zur Normalit\u00e4t zur\u00fcckgekehrt. In dem Jahr war unser Verein an kirchlichen aber auch an weltlichen Veranstaltungen beteiligt. Neben der traditionellen Himmelfahrttour und der Organisation und Begleitung des Gottesdienstes im Piusgarten mit anschlie\u00dfendem Abschluss im Garten bei Maria und Josef Wellmann-Dammhus ist hier unser Stiftungsfest im Vereinslokal Nieporte mit Jubilarehrung besonders erw\u00e4hnenswert. Nach einem sch\u00f6nen Dankgottesdienst im Saale Nieporte stand dann vor allem das gem\u00fctliche Miteinander mit Gespr\u00e4chen im Vordergrund. Es sch\u00f6n ist, einen Verein zu haben in dem man Gemeinschaft erleben kann. Man ist nicht allein, man trifft andere Menschen, kann sich unterhalten und Zeit miteinander verbringen. So ist es auch im MGV \u201eC\u00e4cilia\u201c Rulle.<\/span><\/strong><\/p>\n<p><strong><span style=\"font-size: medium;\">Vor allem aber auch das gemeinsame Konzert der drei Wallenhorster M\u00e4nnerch\u00f6re in der Ruller Wallfahrtskirche mit Solisten und Orgelbegleitung bleibt uns in sehr guter Erinnerung und hat allen Beteiligten und Besuchern sehr gefallen. Ja, es war ein sch\u00f6nes Bild von fast 60 S\u00e4ngern im Altarbereich. <\/span><\/strong><\/p>\n<p><strong><span style=\"font-size: medium;\">Unser 1. Kassierer Benno Rolf pr\u00e4sentierte einen Kassenbericht, der eine gute Kassenlage aufwies. Aufgrund des Berichtes der Kassenpr\u00fcfer Franz Dieckmann und Hans-J\u00fcrgen Lieber wurde ihm einstimmig Entlastung erteilt.<\/span><\/strong><\/p>\n<p><strong><span style=\"font-size: medium;\">Auf Antrag aus der Versammlung wurde dem gesamten Vorstand ebenfalls einstimmig Entlastung erteilt. Die anschlie\u00dfenden Vorstandswahlen ergaben folgendes Bild:<\/span><\/strong><\/p>\n<p><strong><span style=\"font-size: medium;\">Einstimmig gew\u00e4hlt wurden der 1. Vorsitzende Otto Tepe, der 2. Vorsitzende Gerd B\u00fcttner, der 1. Schriftf\u00fchrer G\u00fcnter Rahe, der 2. Schriftf\u00fchrer Richard Rawert, der 1. Kassierer Benno Rolf sowie Friedhelm Gretzmann als 2. Kassierer.<\/span><\/strong><\/p>\n<p><strong><span style=\"font-size: medium;\">Als Notenwarte t\u00e4tig sind Hans-J\u00fcrgen Lieber und Benno Rolf. Dem Festausschuss geh\u00f6ren die S\u00e4nger Franz Dieckmann und Josef Holtmeyer an. Im Liedausschuss geben Hans-J\u00fcrgen Lieber, Heinz Witte, Otto Tepe sowie Chorleiter Jan Kampmeier den Ton. Als Kassenpr\u00fcfer wurden Gerd B\u00fcttner und Friedhelm Gretzmann gew\u00e4hlt. <\/span><\/strong><\/p>\n<p><strong><span style=\"font-size: medium;\">Unter dem Tagesordnungspunkt: Worte des Pr\u00e4ses und des Chorleiters freut sich Pr\u00e4ses Pfarrer Horstmann immer wieder bei unserem MGV dabei zu sein und hier insbesondere \u00fcber das gesellige Miteinander und \u00fcber die soziale Gemeinschaft in unserem Verein. <\/span><\/strong><\/p>\n<p><strong><span style=\"font-size: medium;\">Auch unser Chorleiter Jan Kampmeier freut sich auch \u00fcber die gute Gemeinschaft und die freundschaftliche Art wie wir in unserer Chorfamilie miteinander umgehen. Er betont, dass er sich bei uns sehr wohl f\u00fchlt und es ihm viel Spa\u00df macht. Weiter schaut er optimistisch in die Zukunft und freut sich auf auf weitere neue Aufgaben mit uns. Er bedankte sich bei allen S\u00e4ngern f\u00fcr die gute Zusammenarbeit und der Beteiligung bei den Chorproben.<\/span><\/strong><\/p>\n<p><strong><span style=\"font-size: medium;\">Ausf\u00fchrlich wurden dann die anstehenden Termine und weitere Aktivit\u00e4ten besprochen. Freuen wir uns also \u00fcber all das Gute das uns schon widerfahren ist; denn daraus gewinnen wir Vertrauen f\u00fcr die Zukunft. Freuen wir uns also gemeinsam auf eine Zukunft mit viel Freude und ganz viel Gesundheit. <\/span><\/strong><\/p>\n<p><strong><span style=\"font-size: medium;\">Abschlie\u00dfend bat der 1. Vorsitzende Otte Tepe alle S\u00e4nger, sich auch in Zukunft bei den Chorproben weiterhin aktiv zu beteiligen. Mit dem gemeinsamen Lied \u201e Ewig, ewig, ewig bl\u00fche sie diese sch\u00f6ne Harmonie\u201c schloss der 1. Vorsitzende die Jahreshauptversammlung und w\u00fcnschte allen einen guten Nachhauseweg.<\/span><\/strong><\/p>\n<p><strong><span style=\"font-size: medium;\">Neben Gemeinschaft erleben macht Singen auch Spa\u00df und Freude, deshalb laden wir alle M\u00e4nner, die gerne Singen, zu unseren Chorproben jeden Mittwoch von 19 \u2013 21 Uhr im Vereinslokal Nieporte recht herzlich ein.<\/span><\/strong><\/p>\n<p><strong><span style=\"font-size: medium;\">Weitere Termine und alles Wissenswerte \u00fcber uns und Rulle finden sie auf unserer Homepage: <a href=\"http:\/\/www.mgv-rulle.de\/\">www.mgv-rulle.de<\/a>. <\/span><\/strong><\/p>\n<p>&nbsp;<\/p>\n","protected":false},"excerpt":{"rendered":"<p>Am 6. M\u00e4rz 2024 fand die Jahreshauptversammlung des MGV \u201eC\u00e4cilia\u201c Rulle in der Gastst\u00e4tte \u201eZum alten Kloster\u201c, Nieporte statt. Die anwesenden Mitglieder wurden von unserem 1. Vorsitzenden Otto Tepe herzlich begr\u00fc\u00dft. Sein besonderer Gru\u00df galt unserem Chorleiter Jan Kampmeier sowie den anwesenden Ehrenmitgliedern Benno Rahe und Heinz Witte. Unser Pr\u00e4ses Pfarrer Bernhard Horstmann wurde sp\u00e4ter, [&hellip;]<\/p>\n","protected":false},"author":3,"featured_media":0,"comment_status":"closed","ping_status":"closed","sticky":false,"template":"","format":"standard","meta":[],"categories":[3],"tags":[],"_links":{"self":[{"href":"https:\/\/www.mgv-rulle.de\/wp\/index.php?rest_route=\/wp\/v2\/posts\/2038"}],"collection":[{"href":"https:\/\/www.mgv-rulle.de\/wp\/index.php?rest_route=\/wp\/v2\/posts"}],"about":[{"href":"https:\/\/www.mgv-rulle.de\/wp\/index.php?rest_route=\/wp\/v2\/types\/post"}],"author":[{"embeddable":true,"href":"https:\/\/www.mgv-rulle.de\/wp\/index.php?rest_route=\/wp\/v2\/users\/3"}],"replies":[{"embeddable":true,"href":"https:\/\/www.mgv-rulle.de\/wp\/index.php?rest_route=%2Fwp%2Fv2%2Fcomments&post=2038"}],"version-history":[{"count":5,"href":"https:\/\/www.mgv-rulle.de\/wp\/index.php?rest_route=\/wp\/v2\/posts\/2038\/revisions"}],"predecessor-version":[{"id":2043,"href":"https:\/\/www.mgv-rulle.de\/wp\/index.php?rest_route=\/wp\/v2\/posts\/2038\/revisions\/2043"}],"wp:attachment":[{"href":"https:\/\/www.mgv-rulle.de\/wp\/index.php?rest_route=%2Fwp%2Fv2%2Fmedia&parent=2038"}],"wp:term":[{"taxonomy":"category","embeddable":true,"href":"https:\/\/www.mgv-rulle.de\/wp\/index.php?rest_route=%2Fwp%2Fv2%2Fcategories&post=2038"},{"taxonomy":"post_tag","embeddable":true,"href":"https:\/\/www.mgv-rulle.de\/wp\/index.php?rest_route=%2Fwp%2Fv2%2Ftags&post=2038"}],"curies":[{"name":"wp","href":"https:\/\/api.w.org\/{rel}","templated":true}]}}