{"id":30,"date":"2006-05-25T17:26:27","date_gmt":"2006-05-25T16:26:27","guid":{"rendered":"http:\/\/www.mgv-rulle.de\/wp\/?p=30"},"modified":"2015-10-19T16:16:41","modified_gmt":"2015-10-19T15:16:41","slug":"der-chor-beim-kirchenmusiktag-2005-in-rulle","status":"publish","type":"post","link":"https:\/\/www.mgv-rulle.de\/wp\/?p=30","title":{"rendered":"Der Chor beim Kirchenmusiktag 2005 in Rulle"},"content":{"rendered":"<p><a href=\"http:\/\/www.mgv-rulle.de\/wp\/wp-content\/uploads\/2012\/07\/34850008.jpg\"><img loading=\"lazy\" class=\"alignnone size-medium wp-image-31\" title=\"34850008\" src=\"http:\/\/www.mgv-rulle.de\/wp\/wp-content\/uploads\/2012\/07\/34850008-300x198.jpg\" alt=\"\" width=\"300\" height=\"198\" srcset=\"https:\/\/www.mgv-rulle.de\/wp\/wp-content\/uploads\/2012\/07\/34850008-300x198.jpg 300w, https:\/\/www.mgv-rulle.de\/wp\/wp-content\/uploads\/2012\/07\/34850008-1024x678.jpg 1024w, https:\/\/www.mgv-rulle.de\/wp\/wp-content\/uploads\/2012\/07\/34850008.jpg 1545w\" sizes=\"(max-width: 300px) 100vw, 300px\" \/><\/a><\/p>\n<p style=\"text-align: left;\"><strong><span style=\"font-size: small;\">Auftritt des MGV &#8222;C\u00e4cilia&#8220; Rulle w\u00e4hrend der weltlichen Veranstaltung des Kirchenmusiktages<\/span><\/strong><\/p>\n<p style=\"text-align: left;\"><strong><span style=\"font-size: small;\">2005 in der Ruller Wittekindhalle<\/span><\/strong><\/p>\n<p><a href=\"http:\/\/www.mgv-rulle.de\/wp\/wp-content\/uploads\/2012\/07\/MGV2004klein2.jpg\"><img loading=\"lazy\" class=\"alignnone size-full wp-image-32\" title=\"MGV2004klein2\" src=\"http:\/\/www.mgv-rulle.de\/wp\/wp-content\/uploads\/2012\/07\/MGV2004klein2.jpg\" alt=\"\" width=\"476\" height=\"234\" srcset=\"https:\/\/www.mgv-rulle.de\/wp\/wp-content\/uploads\/2012\/07\/MGV2004klein2.jpg 476w, https:\/\/www.mgv-rulle.de\/wp\/wp-content\/uploads\/2012\/07\/MGV2004klein2-300x147.jpg 300w\" sizes=\"(max-width: 476px) 100vw, 476px\" \/><\/a><\/p>\n<p><strong><span style=\"font-size: small;\">Der Chor 2006, 135j\u00e4hriges Jubil\u00e4um\u00a0<\/span><\/strong><\/p>\n","protected":false},"excerpt":{"rendered":"<p>Auftritt des MGV &#8222;C\u00e4cilia&#8220; Rulle w\u00e4hrend der weltlichen Veranstaltung des Kirchenmusiktages 2005 in der Ruller Wittekindhalle Der Chor 2006, 135j\u00e4hriges Jubil\u00e4um\u00a0<\/p>\n","protected":false},"author":1,"featured_media":0,"comment_status":"open","ping_status":"open","sticky":false,"template":"","format":"standard","meta":[],"categories":[11],"tags":[],"_links":{"self":[{"href":"https:\/\/www.mgv-rulle.de\/wp\/index.php?rest_route=\/wp\/v2\/posts\/30"}],"collection":[{"href":"https:\/\/www.mgv-rulle.de\/wp\/index.php?rest_route=\/wp\/v2\/posts"}],"about":[{"href":"https:\/\/www.mgv-rulle.de\/wp\/index.php?rest_route=\/wp\/v2\/types\/post"}],"author":[{"embeddable":true,"href":"https:\/\/www.mgv-rulle.de\/wp\/index.php?rest_route=\/wp\/v2\/users\/1"}],"replies":[{"embeddable":true,"href":"https:\/\/www.mgv-rulle.de\/wp\/index.php?rest_route=%2Fwp%2Fv2%2Fcomments&post=30"}],"version-history":[{"count":4,"href":"https:\/\/www.mgv-rulle.de\/wp\/index.php?rest_route=\/wp\/v2\/posts\/30\/revisions"}],"predecessor-version":[{"id":34,"href":"https:\/\/www.mgv-rulle.de\/wp\/index.php?rest_route=\/wp\/v2\/posts\/30\/revisions\/34"}],"wp:attachment":[{"href":"https:\/\/www.mgv-rulle.de\/wp\/index.php?rest_route=%2Fwp%2Fv2%2Fmedia&parent=30"}],"wp:term":[{"taxonomy":"category","embeddable":true,"href":"https:\/\/www.mgv-rulle.de\/wp\/index.php?rest_route=%2Fwp%2Fv2%2Fcategories&post=30"},{"taxonomy":"post_tag","embeddable":true,"href":"https:\/\/www.mgv-rulle.de\/wp\/index.php?rest_route=%2Fwp%2Fv2%2Ftags&post=30"}],"curies":[{"name":"wp","href":"https:\/\/api.w.org\/{rel}","templated":true}]}}