{"id":36,"date":"2006-06-24T17:37:07","date_gmt":"2006-06-24T16:37:07","guid":{"rendered":"http:\/\/www.mgv-rulle.de\/wp\/?p=36"},"modified":"2015-10-19T16:16:47","modified_gmt":"2015-10-19T15:16:47","slug":"ein-kleinod-im-ruller-bruch-einweihung-des-piusgarten","status":"publish","type":"post","link":"https:\/\/www.mgv-rulle.de\/wp\/?p=36","title":{"rendered":"Ein Kleinod im Ruller Bruch  Einweihung des Piusgarten"},"content":{"rendered":"<p style=\"text-align: center;\"><strong>Einweihung des Piusgarten<\/strong><\/p>\n<p style=\"text-align: justify;\"><span style=\"font-size: medium;\">Ein gro\u00dfes Kreuz hinter einem Gedenkstein f\u00fcr die Opfer des 2. Weltkrieges vom Kohkamp,einem Ortsteil von Rulle, eingefasst in einem Karree aus Bruchsteinen mit einer sch\u00f6nen Bepflanzung, umgeben von Str\u00e4uchern mit einladenden Sitzgruppen, so pr\u00e4sentierte sich\u00a0 der sogenannte Piusgarten im herrlichen Buchenwald oberhalb des Hofes Vornholt nach gr\u00fcndlicher Restaurierung der Anlage bei der Einweihungsfeier am 23.06. 2006. Auf Initiative von Georg Rahe, ein geborener &#8222;Kohk\u00e4mper&#8220;, Josef Wellmann und G\u00fcnter Witte wurde in wochenlanger Arbeit die in die Jahre gekommene Gedenkst\u00e4tte in w\u00fcrdiger, angemessener Form wieder hergerichtet. Die Initiatoren fanden spontan Hilfe bei den S\u00e4ngern des MGV &#8222;C\u00e4cilia&#8220; Rulle, der an dieser Stelle gewisserma\u00dfen seinen Ursprung hat. Wurde doch an diesem Ort, wo schon vor 1871 laut m\u00fcndlicher \u00dcberlieferung von Heinrich Heidemann ein Kreuz stand, anl\u00e4sslich der Feierlichkeiten zum 25j\u00e4hrigen Papstjubil\u00e4um Pius IX am 21. Juni 1871 vom damaligen Ruller Pastor Wessels der Wunsch ge\u00e4u\u00dfert, einen M\u00e4nnergesangverein zu gr\u00fcnden, was auch eine Woche sp\u00e4ter gelang. Eine S\u00e4ule weist auf diese Verbindung hin. Ohne gro\u00dfherzige Spenden w\u00e4re die Sanierung jedoch nicht gelungen. Neben Geldspenden der &#8222;Kohk\u00e4mper&#8220;, der Bewohner an der Stra\u00dfe &#8222;Auf der Heide&#8220; und Markant Familie Gli\u00dfmann steuerten die Gemeinde Wallenhorst durch \u00dcbernahme von Materialkosten, die Firma Stavermann durch Stiftung der Sitzgruppen, die G\u00e4rtnerei Kruse und Landschaftsarchitekt Klaus Wiebold durch kostenlose Bepfanzung mit Str\u00e4uchern und Blumen zur Herrichtung der Anlage bei. Nicht zu vergessen sind die vielen Stunden, die Georg D\u00fcsing f\u00fcr die Restaurierung des Kreuzes, des Corpus und der Namen der Gefallenen aufgewendet hat und Anton Meyer, der eine Woche Urlaub f\u00fcr die Errichtung der Bruchsteinmauer geopfert hat.<\/span><\/p>\n<p style=\"text-align: justify;\"><a href=\"http:\/\/www.mgv-rulle.de\/wp\/wp-content\/uploads\/2012\/07\/Piusgarten20061.jpg\"><img loading=\"lazy\" class=\"alignnone size-full wp-image-39\" title=\"Piusgarten20061\" src=\"http:\/\/www.mgv-rulle.de\/wp\/wp-content\/uploads\/2012\/07\/Piusgarten20061.jpg\" alt=\"\" width=\"399\" height=\"264\" srcset=\"https:\/\/www.mgv-rulle.de\/wp\/wp-content\/uploads\/2012\/07\/Piusgarten20061.jpg 399w, https:\/\/www.mgv-rulle.de\/wp\/wp-content\/uploads\/2012\/07\/Piusgarten20061-300x198.jpg 300w\" sizes=\"(max-width: 399px) 100vw, 399px\" \/><\/a><\/p>\n<p style=\"text-align: justify;\">Georg Rahe, der die gefallenen Soldaten und das bei einem Bombenangriff get\u00f6tete Kind Thekla K\u00fchl pers\u00f6nlich noch gekannt hat, lobte in seiner Ansprache den unerm\u00fcdlichen Einsatz der ehrenamtlichen Helfer und bedankte sich f\u00fcr die gro\u00dfherzigen Spenden. Der B\u00fcrgermeister der Gemeinde Wallenhorst, Ulrich Belde stellte das ehrenamtliche Engagement an vielen Stellen unserer Gemeinde heraus. Die Bereitschaft, mitzumachen und anzupacken, was in unserer Gesellschaft keineswegs selbstverst\u00e4ndlich sei, zeuge wie hier von einem tiefen Heimatgef\u00fchl, von echter Verbundenheit mit Rulle und &#8222;&#8230; einen Einsatz f\u00fcr einen Ort, an dem auch Generationen nach uns ihr Leben so angenehm und verantwortungsvoll leben k\u00f6nnen, wie wir heute es k\u00f6nnen&#8220;. Er hob hervor, dass uns der neu hergerichtete Piusgarten Einiges lehre. &#8220; Er erinnert an die Kriegsjahre, Zeiten, von denen es in unserer Verantwortung steht, dass sie sich niemals wiederholen&#8220; und &#8222;&#8230; ebenso auf Anf\u00e4nge von so Einigem verweist, was unser heutiges Rulle ausmacht&#8220;<\/p>\n<p style=\"text-align: justify;\"><a href=\"http:\/\/www.mgv-rulle.de\/wp\/wp-content\/uploads\/2012\/07\/Piusgarten2006Belde2.jpg\"><img loading=\"lazy\" class=\"alignnone size-full wp-image-37\" title=\"Piusgarten2006Belde2\" src=\"http:\/\/www.mgv-rulle.de\/wp\/wp-content\/uploads\/2012\/07\/Piusgarten2006Belde2.jpg\" alt=\"\" width=\"386\" height=\"256\" srcset=\"https:\/\/www.mgv-rulle.de\/wp\/wp-content\/uploads\/2012\/07\/Piusgarten2006Belde2.jpg 386w, https:\/\/www.mgv-rulle.de\/wp\/wp-content\/uploads\/2012\/07\/Piusgarten2006Belde2-300x198.jpg 300w\" sizes=\"(max-width: 386px) 100vw, 386px\" \/><\/a>\u00a0<a href=\"http:\/\/www.mgv-rulle.de\/wp\/wp-content\/uploads\/2012\/07\/Piusgarten2006Einw3.jpg\"><img loading=\"lazy\" class=\"alignnone size-full wp-image-38\" title=\"Piusgarten2006Einw3\" src=\"http:\/\/www.mgv-rulle.de\/wp\/wp-content\/uploads\/2012\/07\/Piusgarten2006Einw3.jpg\" alt=\"\" width=\"386\" height=\"256\" srcset=\"https:\/\/www.mgv-rulle.de\/wp\/wp-content\/uploads\/2012\/07\/Piusgarten2006Einw3.jpg 386w, https:\/\/www.mgv-rulle.de\/wp\/wp-content\/uploads\/2012\/07\/Piusgarten2006Einw3-300x198.jpg 300w\" sizes=\"(max-width: 386px) 100vw, 386px\" \/><\/a><\/p>\n<p align=\"left\">Die Einweihung der Gedenkst\u00e4tte, an der sich mehr als 200 B\u00fcrger eingefunden hatten, nahm der Ruller Pfarrer Heinz-J\u00fcrgen Sch\u00e4fer vor. Er schilderte den Lebenslauf des Namengebers des Piusgarten, Papst Pius IX, dessen Pontifikat genau wie dieser Ort f\u00fcr eine besondere Beziehung zur Musik, politische Wirren mit vielen Toten und die menschliche N\u00e4chstenliebe stehe.<\/p>\n<p align=\"left\">Die Feier wurde vom Bl\u00e4serchor Rulle und dem MGV &#8222;C\u00e4cilia&#8220; Rulle musikalisch umrahmt. Gemeinsam mit den Besuchern hallte ein &#8222;Gro\u00dfer Gott, wir loben dich&#8220; durch den dichten Fr\u00fchlingswald, ehe Georg Rahe zum Gedenken der auf dem Gedenkstein verzeichneten Toten aufrief und der Bl\u00e4serchor mit dem St\u00fcck &#8222;Ich hat`einen Kameraden&#8220; eine w\u00fcrdige Einweihungsfeier abschloss.<\/p>\n<p align=\"left\">Wie vor 135 Jahren wurde danach unterhalb des Piusgarten ein Freudenfeuer entz\u00fcndet und bei k\u00fchlen Getr\u00e4nken und hei\u00dfen W\u00fcrstchen geplaudert. Der Bl\u00e4serchor zeigte mit flotten Rhythmen sein K\u00f6nnen und trug zur guten Stimmung bei. Auch der M\u00e4nnergesangverein traf u.a. mit dem Lied &#8222;Heimat&#8220; den richtigen Ton.<\/p>\n<p align=\"left\">Die Feuerwehr Rulle hatte die \u00dcberwachung des Feuers \u00fcbernommen. Ihr und einigen Mitgliedern der Kolpingfamilie Rulle f\u00fcr die Bewirtung sei Dank vom Organisationsteam\u00a0 Viele der Anwesenden kannten den Piusgarten gar nicht oder hatten ihn lange nicht besucht, obwohl alle 3 Jahre dorthin eine Bittprozession stattfindet. Alle waren freudig angetan vom neuen Glanz. Ein Besuch lohnt sich.<\/p>\n","protected":false},"excerpt":{"rendered":"<p>Einweihung des Piusgarten Ein gro\u00dfes Kreuz hinter einem Gedenkstein f\u00fcr die Opfer des 2. Weltkrieges vom Kohkamp,einem Ortsteil von Rulle, eingefasst in einem Karree aus Bruchsteinen mit einer sch\u00f6nen Bepflanzung, umgeben von Str\u00e4uchern mit einladenden Sitzgruppen, so pr\u00e4sentierte sich\u00a0 der sogenannte Piusgarten im herrlichen Buchenwald oberhalb des Hofes Vornholt nach gr\u00fcndlicher Restaurierung der Anlage bei [&hellip;]<\/p>\n","protected":false},"author":1,"featured_media":0,"comment_status":"open","ping_status":"open","sticky":false,"template":"","format":"standard","meta":[],"categories":[11],"tags":[],"_links":{"self":[{"href":"https:\/\/www.mgv-rulle.de\/wp\/index.php?rest_route=\/wp\/v2\/posts\/36"}],"collection":[{"href":"https:\/\/www.mgv-rulle.de\/wp\/index.php?rest_route=\/wp\/v2\/posts"}],"about":[{"href":"https:\/\/www.mgv-rulle.de\/wp\/index.php?rest_route=\/wp\/v2\/types\/post"}],"author":[{"embeddable":true,"href":"https:\/\/www.mgv-rulle.de\/wp\/index.php?rest_route=\/wp\/v2\/users\/1"}],"replies":[{"embeddable":true,"href":"https:\/\/www.mgv-rulle.de\/wp\/index.php?rest_route=%2Fwp%2Fv2%2Fcomments&post=36"}],"version-history":[{"count":2,"href":"https:\/\/www.mgv-rulle.de\/wp\/index.php?rest_route=\/wp\/v2\/posts\/36\/revisions"}],"predecessor-version":[{"id":41,"href":"https:\/\/www.mgv-rulle.de\/wp\/index.php?rest_route=\/wp\/v2\/posts\/36\/revisions\/41"}],"wp:attachment":[{"href":"https:\/\/www.mgv-rulle.de\/wp\/index.php?rest_route=%2Fwp%2Fv2%2Fmedia&parent=36"}],"wp:term":[{"taxonomy":"category","embeddable":true,"href":"https:\/\/www.mgv-rulle.de\/wp\/index.php?rest_route=%2Fwp%2Fv2%2Fcategories&post=36"},{"taxonomy":"post_tag","embeddable":true,"href":"https:\/\/www.mgv-rulle.de\/wp\/index.php?rest_route=%2Fwp%2Fv2%2Ftags&post=36"}],"curies":[{"name":"wp","href":"https:\/\/api.w.org\/{rel}","templated":true}]}}