{"id":45,"date":"2006-10-02T17:43:55","date_gmt":"2006-10-02T16:43:55","guid":{"rendered":"http:\/\/www.mgv-rulle.de\/wp\/?p=45"},"modified":"2015-10-19T16:16:51","modified_gmt":"2015-10-19T15:16:51","slug":"135-jahre-mgv-cacilia-rulle","status":"publish","type":"post","link":"https:\/\/www.mgv-rulle.de\/wp\/?p=45","title":{"rendered":"135 Jahre MGV \u201eC\u00e4cilia\u201c Rulle"},"content":{"rendered":"<p style=\"text-align: center;\"><strong><span style=\"font-size: small;\">Mit Liedern Gott lobpreisen und<br \/>\nden Menschen Freude erweisen<\/span><\/strong><\/p>\n<p style=\"text-align: justify;\">Mit dem pr\u00e4chtigen \u201eDank sei dir Herr\u201c von G. F. H\u00e4ndel rundete der MGV \u201eC\u00e4cilia\u201c Rulle einen Festgottesdienstes am 01. Oktober ab, in dem die S\u00e4nger eine 135j\u00e4hrige Tradition zum Lobe Gottes und zur Freude der Menschen feierten und den Besuchern insbesondere im vorderen Teil der Eucharistiefeier einen konzert\u00e4hnlichen H\u00f6rgenuss boten. Mit diesem dynamisch \u00fcber piano bis zum forte vorgetragenem St\u00fcck erklang die ganze Sch\u00f6nheit der Musik, da neben der Klangf\u00fclle des M\u00e4nnerchores auch die Instrumentalmusiker und eine Sopranistin als Oberstimme atemberaubend zur Geltung kamen. Als Solisten wirkten mit: Ina Siekemeyer &#8211; in Minsk, Wei\u00dfrussland aufgewachsen und an der Staatsoper engagiert &#8211; mit Ihrer durchdringenden fulminanten Sopranstimme, Karsten Nagel am Violoncello, Andreas Szlachcic mit zartem Violinklang und Ulrich Schwenzfeier am Klavier, der auch die Gesamtleitung der Veranstaltung innehatte. Zelebranten waren unser Pr\u00e4ses Dechant Heinz-J\u00fcrgen Sch\u00e4fer und Pfarrer Franz-Josef Rahe.<br \/>\nDer Chor trug u. a. mit dem \u201eSanktus\u201c von Josef Gabriel Rheinberger einen Chorsatz mit hohem Schwierigkeitsgrad vor, der mit einem vokalpolyphonisch gesungenen Mittelteil in einen harmonischen Schlussakkord m\u00fcndete. Ina Siekemeyer stellte mit den Arien \u201eMeine Seele h\u00f6rt im Sehen\u201c von G. F. H\u00e4ndel und \u201eJa es sollen wohl Berge weichen\u201c von Mendelssohn-Bartholdy, beides St\u00fccke aus Oratorien mit biblischem Inhalt, ihr au\u00dfergew\u00f6hnliches K\u00f6nnen mit dynamischer, glockenklarer Stimme unter Beweis . Ergreifend besinnlich und sanft wirkte das St\u00fcck \u201eS\u00fc\u00dfe Stille, sanfte Quelle\u201c, angepasst der zeitgleich laufenden Gottesdiensthandlung, der Kommunionausteilung.<br \/>\nFranz-Josef Rahe, vor 18 Jahren Kaplan in Rulle, jetzt Musikbeauftragter der Di\u00f6zese Osnabr\u00fcck und Professor an mehreren Hochschulen, zeigte in seiner Gratulations-Predigt in chronologischer Reihenfolge den Werdegang des MGV auf, der unter dem Dirigenten Johannes Wiehemeyer eine wahre Bl\u00fctezeit mit \u00fcber\u00f6rtlicher Bedeutung erlebte. Er f\u00fchrte aus, dass 7 Jahrhunderte lang der Tag im Klosterleben von Rulle durch Gesang aufgegliedert war und von alters her ein St\u00fcck geistlichen Lebens gewesen sei. Gesang sei kein Ornament oder Dekor des Gottesdienstes sondern ein notwendiges Element der Liturgie. Nur eine singende Kirche sei eine lebendige Kirche.<br \/>\nNach 1 1\/2 Stunden war lang anhaltender Applaus in der gut besuchten Ruller Kirche der sch\u00f6nste Lohn f\u00fcr alle Mitwirkenden, ehe der Ehrenchorleiter Josel Notthoff an der Orgel alle Register zog und ein nachhaltig feierlicher Gottesdienst mit \u201eGro\u00dfer Gott, wir loben dich\u201c ausklang.<br \/>\nDanach hatte der MGV seine Mitglieder, Ehreng\u00e4ste und Abordnungen Ruller Vereine und Verb\u00e4nde zum Empfang im Vereinslokal Nieporte geladen. Auch hier trug der Chor nach der Begr\u00fc\u00dfung durch den Vereinsvorsitzenden Benno Rahe zwei Lieder &#8211; \u201eKl\u00e4nge der Freude\u201c, ein Geschenk des Chorleiters und \u201eW\u00e4re das nicht wundersch\u00f6n\u201c aus \u201eMy fair Lady\u201c &#8211; aus seinem vielf\u00e4ltigen Repertoire vor, die den Anwesenden sichtlich Freude bereiteten. Frau Siekemeyer lie\u00df es sich nicht nehmen, mit ihrem T\u00f6chterchen an der Hand aus dem Musical \u201eMy fair Lady\u201c zwei St\u00fccke \u201eIn der Strasse wohnst Du\u201c und \u201eIch hab getanzt heut Nacht\u201c vorzutragen, die mit viel Beifall aufgenommen wurden.<\/p>\n<p style=\"text-align: justify;\"><a href=\"http:\/\/www.mgv-rulle.de\/wp\/wp-content\/uploads\/2012\/07\/135JahreMGVEmpfang.jpg\"><img loading=\"lazy\" class=\"alignnone size-full wp-image-46\" title=\"135JahreMGVEmpfang\" src=\"http:\/\/www.mgv-rulle.de\/wp\/wp-content\/uploads\/2012\/07\/135JahreMGVEmpfang.jpg\" alt=\"\" width=\"510\" height=\"338\" srcset=\"https:\/\/www.mgv-rulle.de\/wp\/wp-content\/uploads\/2012\/07\/135JahreMGVEmpfang.jpg 510w, https:\/\/www.mgv-rulle.de\/wp\/wp-content\/uploads\/2012\/07\/135JahreMGVEmpfang-300x198.jpg 300w\" sizes=\"(max-width: 510px) 100vw, 510px\" \/><\/a><\/p>\n<p style=\"text-align: justify;\">Den Festvortrag \u00fcber \u201eDie Musik verbindet V\u00f6lker und Kulturen\u201c hielt Bruder Gebhard Rahe von den Steyler Missionaren, ein Zwillingsbruder des Vorsitzenden. Die au\u00dfergew\u00f6hnliche Ruhe im Saal war der beste Beweis f\u00fcr Interessantes und Neues. Der Redner ging auf die Entstehung von T\u00f6nen ein, die wahrscheinlich aus der Nachahmung von Naturger\u00e4uschen, wie Wind, Rauschen von Str\u00e4uchern und B\u00e4umen oder aus Vogelzwitschern entstanden seien. Denkbar sei auch die Theorie von der Ableitung aus menschlichen Tonf\u00e4llen beim Sprachgebrauch oder aus dem Gebrauch von Trommeln und Schlagwerkzeugen. Als Tonbezeichnungen seien von unseren Vorfahren die Ziffern 1 &#8211; 8 benutzt worden. Dieses sei auch heute noch in Indonesien \u00fcblich. Er erl\u00e4uterte die afrikanische Musik, die vielfach aus dem Gebrauch von Trommeln und Schlaginstrumenten bestehe und bei der Arbeit, beim Feiern und auch beim Tod gepflegt w\u00fcrde. Er erz\u00e4hlte von einer Gruppe K\u00fcnstler aus Afrika, die auf unglaublich faszinierende Art und Weise klassische deutsche Musik durch einen stetig anschwellenden von Gesang unterlegten Trommelwirbel in afrikanische Musik umgesetzt h\u00e4tten.<br \/>\nDie Vertreter Ruller Vereine und Verb\u00e4nde gratulierten dem Verein und w\u00fcnschten weiterhin viel Erfolg. Der Vorsitzende bedankte sich bei allen Mitwirkenden und G\u00e4sten. Danach wurde den Anwesenden ein vom Hause Nieporte schmackhaft vorbereiteter Imbiss gereicht. Mit einem Plauderst\u00fcndchen unter S\u00e4ngern, Sangesfreunden und G\u00f6nnern des Vereins ging eine allseits bekundete, gelungene Veranstaltung zu Ende,<\/p>\n","protected":false},"excerpt":{"rendered":"<p>Mit Liedern Gott lobpreisen und den Menschen Freude erweisen Mit dem pr\u00e4chtigen \u201eDank sei dir Herr\u201c von G. F. H\u00e4ndel rundete der MGV \u201eC\u00e4cilia\u201c Rulle einen Festgottesdienstes am 01. Oktober ab, in dem die S\u00e4nger eine 135j\u00e4hrige Tradition zum Lobe Gottes und zur Freude der Menschen feierten und den Besuchern insbesondere im vorderen Teil der [&hellip;]<\/p>\n","protected":false},"author":1,"featured_media":0,"comment_status":"open","ping_status":"open","sticky":false,"template":"","format":"standard","meta":[],"categories":[11],"tags":[],"_links":{"self":[{"href":"https:\/\/www.mgv-rulle.de\/wp\/index.php?rest_route=\/wp\/v2\/posts\/45"}],"collection":[{"href":"https:\/\/www.mgv-rulle.de\/wp\/index.php?rest_route=\/wp\/v2\/posts"}],"about":[{"href":"https:\/\/www.mgv-rulle.de\/wp\/index.php?rest_route=\/wp\/v2\/types\/post"}],"author":[{"embeddable":true,"href":"https:\/\/www.mgv-rulle.de\/wp\/index.php?rest_route=\/wp\/v2\/users\/1"}],"replies":[{"embeddable":true,"href":"https:\/\/www.mgv-rulle.de\/wp\/index.php?rest_route=%2Fwp%2Fv2%2Fcomments&post=45"}],"version-history":[{"count":2,"href":"https:\/\/www.mgv-rulle.de\/wp\/index.php?rest_route=\/wp\/v2\/posts\/45\/revisions"}],"predecessor-version":[{"id":48,"href":"https:\/\/www.mgv-rulle.de\/wp\/index.php?rest_route=\/wp\/v2\/posts\/45\/revisions\/48"}],"wp:attachment":[{"href":"https:\/\/www.mgv-rulle.de\/wp\/index.php?rest_route=%2Fwp%2Fv2%2Fmedia&parent=45"}],"wp:term":[{"taxonomy":"category","embeddable":true,"href":"https:\/\/www.mgv-rulle.de\/wp\/index.php?rest_route=%2Fwp%2Fv2%2Fcategories&post=45"},{"taxonomy":"post_tag","embeddable":true,"href":"https:\/\/www.mgv-rulle.de\/wp\/index.php?rest_route=%2Fwp%2Fv2%2Ftags&post=45"}],"curies":[{"name":"wp","href":"https:\/\/api.w.org\/{rel}","templated":true}]}}