{"id":69,"date":"2008-04-21T20:04:20","date_gmt":"2008-04-21T19:04:20","guid":{"rendered":"http:\/\/www.mgv-rulle.de\/wp\/?p=69"},"modified":"2015-10-19T16:17:01","modified_gmt":"2015-10-19T15:17:01","slug":"melodien-zum-fruhling","status":"publish","type":"post","link":"https:\/\/www.mgv-rulle.de\/wp\/?p=69","title":{"rendered":"Melodien zum Fr\u00fchling"},"content":{"rendered":"<p style=\"text-align: center;\"><strong>Konzert 2008<\/strong><\/p>\n<p align=\"left\">Am Sonntag, den 20.04.2008\u00a0 fand um 16 Uhr unser Konzert &#8222;Melodien zum Fr\u00fchling von Berlin\u00a0bis Wien&#8220; im Saal Hotel Lingemann statt. 240 Besucher sorgten schon Wochen vorher f\u00fcr ein\u00a0ausverkauftes Haus. Mit einem Querschnitt durch das Musical &#8222;My Fair Lady&#8220; brachten Chor und\u00a0Solisten unter der sicheren und dynamischen Stabf\u00fchrung unseres Chorleiters Ulrich Schwenzfeier\u00a0die abwechselungsreiche Musik des Musicals den Zuh\u00f6rern n\u00e4her. w\u00e4hrend Karl-Heinz Ast als\u00a0Moderator zwischendurch in groben Z\u00fcgen die Handlung schilderte: die Geschichte des Blumenm\u00e4dchen\u00a0Eliza Doolittl, die von Professor Higgins in dessen Wohnung in kurzer Zeit zur feinen &#8222;Lady&#8220; erzogen und\u00a0in die feine Gesellschaft eingef\u00fchrt wird. Auch aus Elizas Vater, einem M\u00fcllkutscher, wird ein pikfeiner\u00a0Mann, der erbt und heiratet. Der eingefleischte Junggeselle Higgins ist traurig, weil Eliza schlie\u00dflich einen\u00a0anderen heiraten will. Doch dann kehrt sie zu ihm zur\u00fcck&#8230; Als Solisten pr\u00e4sentierten sich Ina Siekemeyer\u00a0mit ihrer fulminanten Sopranstimme, Ji-Seong Yoo von den St\u00e4dtischen B\u00fchnen Osnabr\u00fcck mit\u00a0einem kr\u00e4ftigen Bariton, sowie die Instrumentalgruppe mit Hans Suchowitz am Klavier, Martin Gehrmann, Kontrabass und Jochen Mentze hinter dem Schlagzeug, die es verstanden, die Gesangsvortr\u00e4ge hervorragend zu begleiten und zu untermalen.<br \/>\nIm zweiten Teil des Konzerts machten Chor und Solisten eine Walzerreise von Berlin bis Wien mit beschwingten und hitverd\u00e4chtigen Operetten-Melodien, immer unterst\u00fctzt mit verbindenden Worten von Karl-Heinz Ast. Schwungvoll brachte der M\u00e4nnerchor &#8222;Das ist der Fr\u00fchling von Berlin&#8220; von Walter Kollo zu Geh\u00f6r. Ji-Seong Yoo pr\u00e4sentierte &#8222;Zwei in einer gro\u00dfen Stadt&#8220; von Walter Kollo mit eher besinnlicher Stimme. Ina Siekemeyer lie\u00df gef\u00fchlvoll &#8222;H\u00f6r ich Zigeunergeigen&#8220; aus der Operette \u00a0&#8222;Gr\u00e4fin Maritza&#8220; und &#8222;O jag dem Gl\u00fcck nicht nach auf meilenfernen Wegen&#8220; erklingen, beide St\u00fccke von Emerich Kalman. Im Duett sangen beide Solisten herzerw\u00e4rmend &#8222;Lippen schweigen&#8220; aus der Operette \u00a0&#8222;Lustige Witwe&#8220; von Franz Lehar. Der M\u00e4nnerchor bot mit rasanten Temposchwankungen und sensiblen\u00a0Lautst\u00e4rken &#8222;Wiener Walzerkl\u00e4nge&#8220;, ein Potpourri aus der Operette &#8222;Wiener Blut&#8220; und &#8222;An der sch\u00f6nen blauen Donau&#8220; von Johann Strau\u00df sein ganzes K\u00f6nnen auf, was offensichtlich beim Publikum gut ankam.<\/p>\n<p align=\"left\">Lang anhaltender Beifall war der sch\u00f6nste Lohn f\u00fcr alle Mitwirkenden. Nach der obligatorischen \u00dcbergabe von Blumen an die Solisten kam der Chor erst mit zwei Zugaben\u00a0von der B\u00fchne.<\/p>\n<p align=\"left\"><a href=\"http:\/\/www.mgv-rulle.de\/wp\/wp-content\/uploads\/2012\/07\/Konzert2008a1.jpg\"><img loading=\"lazy\" class=\"size-full wp-image-70 alignnone\" title=\"Konzert2008a1\" alt=\"\" src=\"http:\/\/www.mgv-rulle.de\/wp\/wp-content\/uploads\/2012\/07\/Konzert2008a1.jpg\" width=\"288\" height=\"198\" \/><\/a><a href=\"http:\/\/www.mgv-rulle.de\/wp\/wp-content\/uploads\/2012\/07\/Konzert2008d_0012.jpg\"><img loading=\"lazy\" class=\"size-full wp-image-71 alignnone\" title=\"Konzert2008d_0012\" alt=\"\" src=\"http:\/\/www.mgv-rulle.de\/wp\/wp-content\/uploads\/2012\/07\/Konzert2008d_0012.jpg\" width=\"292\" height=\"186\" \/><\/a><\/p>\n<p align=\"left\"><img loading=\"lazy\" class=\"size-full wp-image-72 alignnone\" alt=\"Konzert2008f3\" src=\"http:\/\/www.mgv-rulle.de\/wp\/wp-content\/uploads\/2012\/07\/Konzert2008f3.jpg\" width=\"220\" height=\"329\" srcset=\"https:\/\/www.mgv-rulle.de\/wp\/wp-content\/uploads\/2012\/07\/Konzert2008f3.jpg 336w, https:\/\/www.mgv-rulle.de\/wp\/wp-content\/uploads\/2012\/07\/Konzert2008f3-200x300.jpg 200w\" sizes=\"(max-width: 220px) 100vw, 220px\" \/><img loading=\"lazy\" class=\"size-full wp-image-73 alignnone\" alt=\"Konzert2008c_0004\" src=\"http:\/\/www.mgv-rulle.de\/wp\/wp-content\/uploads\/2012\/07\/Konzert2008c_0004.jpg\" width=\"229\" height=\"328\" \/><\/p>\n<p align=\"left\">\n","protected":false},"excerpt":{"rendered":"<p>Konzert 2008 Am Sonntag, den 20.04.2008\u00a0 fand um 16 Uhr unser Konzert &#8222;Melodien zum Fr\u00fchling von Berlin\u00a0bis Wien&#8220; im Saal Hotel Lingemann statt. 240 Besucher sorgten schon Wochen vorher f\u00fcr ein\u00a0ausverkauftes Haus. Mit einem Querschnitt durch das Musical &#8222;My Fair Lady&#8220; brachten Chor und\u00a0Solisten unter der sicheren und dynamischen Stabf\u00fchrung unseres Chorleiters Ulrich Schwenzfeier\u00a0die abwechselungsreiche [&hellip;]<\/p>\n","protected":false},"author":1,"featured_media":0,"comment_status":"open","ping_status":"open","sticky":false,"template":"","format":"standard","meta":[],"categories":[11],"tags":[],"_links":{"self":[{"href":"https:\/\/www.mgv-rulle.de\/wp\/index.php?rest_route=\/wp\/v2\/posts\/69"}],"collection":[{"href":"https:\/\/www.mgv-rulle.de\/wp\/index.php?rest_route=\/wp\/v2\/posts"}],"about":[{"href":"https:\/\/www.mgv-rulle.de\/wp\/index.php?rest_route=\/wp\/v2\/types\/post"}],"author":[{"embeddable":true,"href":"https:\/\/www.mgv-rulle.de\/wp\/index.php?rest_route=\/wp\/v2\/users\/1"}],"replies":[{"embeddable":true,"href":"https:\/\/www.mgv-rulle.de\/wp\/index.php?rest_route=%2Fwp%2Fv2%2Fcomments&post=69"}],"version-history":[{"count":9,"href":"https:\/\/www.mgv-rulle.de\/wp\/index.php?rest_route=\/wp\/v2\/posts\/69\/revisions"}],"predecessor-version":[{"id":75,"href":"https:\/\/www.mgv-rulle.de\/wp\/index.php?rest_route=\/wp\/v2\/posts\/69\/revisions\/75"}],"wp:attachment":[{"href":"https:\/\/www.mgv-rulle.de\/wp\/index.php?rest_route=%2Fwp%2Fv2%2Fmedia&parent=69"}],"wp:term":[{"taxonomy":"category","embeddable":true,"href":"https:\/\/www.mgv-rulle.de\/wp\/index.php?rest_route=%2Fwp%2Fv2%2Fcategories&post=69"},{"taxonomy":"post_tag","embeddable":true,"href":"https:\/\/www.mgv-rulle.de\/wp\/index.php?rest_route=%2Fwp%2Fv2%2Ftags&post=69"}],"curies":[{"name":"wp","href":"https:\/\/api.w.org\/{rel}","templated":true}]}}