{"id":76,"date":"2009-03-09T20:09:56","date_gmt":"2009-03-09T19:09:56","guid":{"rendered":"http:\/\/www.mgv-rulle.de\/wp\/?p=76"},"modified":"2015-10-19T16:17:10","modified_gmt":"2015-10-19T15:17:10","slug":"auftritt-in-der-lutherkirche-osnabruck","status":"publish","type":"post","link":"https:\/\/www.mgv-rulle.de\/wp\/?p=76","title":{"rendered":"Auftritt in der Lutherkirche Osnabr\u00fcck"},"content":{"rendered":"<p align=\"left\">Am Sonntag, den 08. M\u00e4rz 2009 durften wir den Zentralgottesdienst um 11.00 Uhr in der Lutherkirche mitgestalten. Mit von der Partie waren der MGV Schledehausen, Instrumental- und Gesangssolisten, u.a. von den St\u00e4dtischen B\u00fchnen Osnabr\u00fcck. Die musikalische Leitung lag in den H\u00e4nden unseres Dirigenten Ulrich Schwenzfeier. In dem sehr gut besuchten Gottesdienst sangen wir &#8222;Frohlocket nun&#8220; und &#8222;Dank sei dir Herr&#8220;, \u00a0 \u00a0 \u00a0 \u00a0 \u00a0 \u00a0 \u00a0 \u00a0 \u00a0 \u00a0 \u00a0 \u00a0 \u00a0 \u00a0verst\u00e4rkt durch den MGV Schledehausen. Au\u00dferdem brachte unser Chor das \u00a0&#8222;Kyrie&#8220;, &#8222;Gloria&#8220; von H.J. R\u00fcbben und &#8222;Sanktus&#8220; von J.G. Rheinberger zu\u00a0Geh\u00f6r. Alle Mitwirkenden wurden mit viel Beifall verabschiedet.<\/p>\n<p align=\"left\"><a href=\"http:\/\/www.mgv-rulle.de\/wp\/wp-content\/uploads\/2012\/07\/Lutherkirche1_0031.jpg\"><img loading=\"lazy\" class=\"alignnone size-full wp-image-77\" title=\"Lutherkirche1_0031\" src=\"http:\/\/www.mgv-rulle.de\/wp\/wp-content\/uploads\/2012\/07\/Lutherkirche1_0031.jpg\" alt=\"\" width=\"406\" height=\"260\" srcset=\"https:\/\/www.mgv-rulle.de\/wp\/wp-content\/uploads\/2012\/07\/Lutherkirche1_0031.jpg 406w, https:\/\/www.mgv-rulle.de\/wp\/wp-content\/uploads\/2012\/07\/Lutherkirche1_0031-300x192.jpg 300w\" sizes=\"(max-width: 406px) 100vw, 406px\" \/><\/a><a href=\"http:\/\/www.mgv-rulle.de\/wp\/wp-content\/uploads\/2012\/07\/LUtherkirche2.jpg\"><img loading=\"lazy\" class=\"alignnone size-full wp-image-78\" title=\"LUtherkirche2\" src=\"http:\/\/www.mgv-rulle.de\/wp\/wp-content\/uploads\/2012\/07\/LUtherkirche2.jpg\" alt=\"\" width=\"404\" height=\"258\" srcset=\"https:\/\/www.mgv-rulle.de\/wp\/wp-content\/uploads\/2012\/07\/LUtherkirche2.jpg 404w, https:\/\/www.mgv-rulle.de\/wp\/wp-content\/uploads\/2012\/07\/LUtherkirche2-300x191.jpg 300w\" sizes=\"(max-width: 404px) 100vw, 404px\" \/><\/a><\/p>\n","protected":false},"excerpt":{"rendered":"<p>Am Sonntag, den 08. M\u00e4rz 2009 durften wir den Zentralgottesdienst um 11.00 Uhr in der Lutherkirche mitgestalten. Mit von der Partie waren der MGV Schledehausen, Instrumental- und Gesangssolisten, u.a. von den St\u00e4dtischen B\u00fchnen Osnabr\u00fcck. Die musikalische Leitung lag in den H\u00e4nden unseres Dirigenten Ulrich Schwenzfeier. In dem sehr gut besuchten Gottesdienst sangen wir &#8222;Frohlocket nun&#8220; [&hellip;]<\/p>\n","protected":false},"author":1,"featured_media":0,"comment_status":"open","ping_status":"open","sticky":false,"template":"","format":"standard","meta":[],"categories":[11],"tags":[],"_links":{"self":[{"href":"https:\/\/www.mgv-rulle.de\/wp\/index.php?rest_route=\/wp\/v2\/posts\/76"}],"collection":[{"href":"https:\/\/www.mgv-rulle.de\/wp\/index.php?rest_route=\/wp\/v2\/posts"}],"about":[{"href":"https:\/\/www.mgv-rulle.de\/wp\/index.php?rest_route=\/wp\/v2\/types\/post"}],"author":[{"embeddable":true,"href":"https:\/\/www.mgv-rulle.de\/wp\/index.php?rest_route=\/wp\/v2\/users\/1"}],"replies":[{"embeddable":true,"href":"https:\/\/www.mgv-rulle.de\/wp\/index.php?rest_route=%2Fwp%2Fv2%2Fcomments&post=76"}],"version-history":[{"count":3,"href":"https:\/\/www.mgv-rulle.de\/wp\/index.php?rest_route=\/wp\/v2\/posts\/76\/revisions"}],"predecessor-version":[{"id":81,"href":"https:\/\/www.mgv-rulle.de\/wp\/index.php?rest_route=\/wp\/v2\/posts\/76\/revisions\/81"}],"wp:attachment":[{"href":"https:\/\/www.mgv-rulle.de\/wp\/index.php?rest_route=%2Fwp%2Fv2%2Fmedia&parent=76"}],"wp:term":[{"taxonomy":"category","embeddable":true,"href":"https:\/\/www.mgv-rulle.de\/wp\/index.php?rest_route=%2Fwp%2Fv2%2Fcategories&post=76"},{"taxonomy":"post_tag","embeddable":true,"href":"https:\/\/www.mgv-rulle.de\/wp\/index.php?rest_route=%2Fwp%2Fv2%2Ftags&post=76"}],"curies":[{"name":"wp","href":"https:\/\/api.w.org\/{rel}","templated":true}]}}